{"id":8610,"date":"2024-08-06T08:08:25","date_gmt":"2024-08-06T11:08:25","guid":{"rendered":"https:\/\/camaraestrelavelha.rs.gov.br\/portal\/?p=8610"},"modified":"2024-08-06T08:08:41","modified_gmt":"2024-08-06T11:08:41","slug":"resumo-da-16o-sessao-ordinaria-de-2024","status":"publish","type":"post","link":"https:\/\/www.camaraestrelavelha.rs.gov.br\/portal\/2024\/08\/06\/resumo-da-16o-sessao-ordinaria-de-2024\/","title":{"rendered":"RESUMO DA 16\u00ba SESS\u00c3O ORDIN\u00c1RIA DE 2024"},"content":{"rendered":"\n<p><strong>RESUMO DA 16\u00ba SESS\u00c3O ORDIN\u00c1RIA DA<\/strong><\/p>\n\n\n\n<p><strong>C\u00c2MARA MUNICIPAL DE VEREADORES DE ESTRELA VELHA<\/strong><\/p>\n\n\n\n<p><strong>Data: 05 de agosto de 2024<\/strong><\/p>\n\n\n\n<p><strong>Hor\u00e1rio: 18 horas<\/strong><\/p>\n\n\n\n<p><strong>Local: Sala de Sess\u00f5es Erno Billig<\/strong><\/p>\n\n\n\n<p><strong>&nbsp; NA PAUTA CONSTOU:<\/strong><\/p>\n\n\n\n<p><strong># Pedido de Provid\u00eancia n\u00b0 05, <\/strong>de 05 de agosto de 2024, de autoria do vereador Jardel Silveira (Progressistas), onde <strong>SOLICITA<\/strong> ao Poder Executivo Municipal, por meio da Secretaria Municipal de Obras, Servi\u00e7os P\u00fablicos e Tr\u00e2nsito, para que seja providenciado a coloca\u00e7\u00e3o de dois bueiros que d\u00e3o acesso as propriedade de Paulo Renato Silveira e Luan Marcelo Silveira, como tamb\u00e9m, a manuten\u00e7\u00e3o da mesma na localidade da Col\u00f4nia Juvenilha, interior do nosso munic\u00edpio. Aprovado por Unanimidade.<\/p>\n\n\n\n<p><strong># Projeto de Lei n\u00b0 1.553,<\/strong> de 05 de agosto de 2024, de autoriza do Poder Executivo onde \u201cAutoriza a abertura de cr\u00e9dito especial no montante de dezesseis mil e setecentos e vinte e oito reais e noventa e cinco centavos para a Transforma\u00e7\u00e3o Digital do SUS. Baixado para estudo nas Comiss\u00f5es.<\/p>\n\n\n\n<p><strong># Projeto de Lei n\u00b0 1.554,<\/strong> de 05 de agosto de 2024, de autoriza do Poder Executivo onde \u201cAutoriza a abertura de cr\u00e9dito especial no montante de cinco mil reais para o Fundo Municipal do Idoso\u201d. Baixado para estudo nas Comiss\u00f5es.<\/p>\n\n\n\n<p><strong>&nbsp; Pr\u00f3xima Sess\u00e3o Ordin\u00e1ria acontecer\u00e1 no dia 19 de agosto de 2024, \u00e0s 18 horas.<\/strong><\/p>\n\n\n\n<p>Sala da Presid\u00eancia, em 06 de agosto de 2024.<\/p>\n\n\n\n<p>Deocl\u00e9cio Ravanello<\/p>\n\n\n\n<p>Presidente<strong><\/strong><\/p>\n","protected":false},"excerpt":{"rendered":"<p>RESUMO DA 16\u00ba SESS\u00c3O ORDIN\u00c1RIA DA C\u00c2MARA MUNICIPAL DE VEREADORES DE ESTRELA VELHA Data: 05 de agosto de 2024 Hor\u00e1rio: 18 horas Local: Sala de Sess\u00f5es Erno Billig &nbsp; NA PAUTA CONSTOU: # Pedido de Provid\u00eancia n\u00b0 05, de 05 de agosto de 2024, de autoria do vereador Jardel Silveira (Progressistas), onde SOLICITA ao Poder [&hellip;]<\/p>\n","protected":false},"author":5,"featured_media":0,"comment_status":"open","ping_status":"open","sticky":false,"template":"","format":"standard","meta":{"episode_type":"","audio_file":"","duration":"","filesize":"","date_recorded":"","explicit":"","block":"","filesize_raw":""},"categories":[6],"tags":[],"_links":{"self":[{"href":"https:\/\/www.camaraestrelavelha.rs.gov.br\/portal\/wp-json\/wp\/v2\/posts\/8610"}],"collection":[{"href":"https:\/\/www.camaraestrelavelha.rs.gov.br\/portal\/wp-json\/wp\/v2\/posts"}],"about":[{"href":"https:\/\/www.camaraestrelavelha.rs.gov.br\/portal\/wp-json\/wp\/v2\/types\/post"}],"author":[{"embeddable":true,"href":"https:\/\/www.camaraestrelavelha.rs.gov.br\/portal\/wp-json\/wp\/v2\/users\/5"}],"replies":[{"embeddable":true,"href":"https:\/\/www.camaraestrelavelha.rs.gov.br\/portal\/wp-json\/wp\/v2\/comments?post=8610"}],"version-history":[{"count":1,"href":"https:\/\/www.camaraestrelavelha.rs.gov.br\/portal\/wp-json\/wp\/v2\/posts\/8610\/revisions"}],"predecessor-version":[{"id":8612,"href":"https:\/\/www.camaraestrelavelha.rs.gov.br\/portal\/wp-json\/wp\/v2\/posts\/8610\/revisions\/8612"}],"wp:attachment":[{"href":"https:\/\/www.camaraestrelavelha.rs.gov.br\/portal\/wp-json\/wp\/v2\/media?parent=8610"}],"wp:term":[{"taxonomy":"category","embeddable":true,"href":"https:\/\/www.camaraestrelavelha.rs.gov.br\/portal\/wp-json\/wp\/v2\/categories?post=8610"},{"taxonomy":"post_tag","embeddable":true,"href":"https:\/\/www.camaraestrelavelha.rs.gov.br\/portal\/wp-json\/wp\/v2\/tags?post=8610"}],"curies":[{"name":"wp","href":"https:\/\/api.w.org\/{rel}","templated":true}]}}