{"id":8640,"date":"2024-08-19T12:09:36","date_gmt":"2024-08-19T15:09:36","guid":{"rendered":"https:\/\/www.camaraestrelavelha.rs.gov.br\/portal\/?p=8640"},"modified":"2024-08-19T12:09:47","modified_gmt":"2024-08-19T15:09:47","slug":"pauta-da-17-sessao-ordinaria-de-2024","status":"publish","type":"post","link":"https:\/\/www.camaraestrelavelha.rs.gov.br\/portal\/2024\/08\/19\/pauta-da-17-sessao-ordinaria-de-2024\/","title":{"rendered":"PAUTA DA 17\u00b0 SESS\u00c3O ORDIN\u00c1RIA DE 2024"},"content":{"rendered":"\n<p><strong>PAUTA DA 17\u00b0 SESS\u00c3O ORDIN\u00c1RIA DA<\/strong><\/p>\n\n\n\n<p><strong>C\u00c2MARA MUNICIPAL DE VEREADORES DE ESTRELA VELHA<\/strong><\/p>\n\n\n\n<p><strong>Data: 19 de agosto de 2024<\/strong><\/p>\n\n\n\n<p><strong>Hor\u00e1rio: 18 horas<\/strong><\/p>\n\n\n\n<p><strong>Local: Sala de Sess\u00f5es Erno Billig<\/strong><\/p>\n\n\n\n<p><strong>Pauta:<\/strong><\/p>\n\n\n\n<p><strong># Pedido de Informa\u00e7\u00e3o n\u00b0 02<\/strong>, de 19 de agosto de 2024, de autoria do vereador Deocl\u00e9cio Ravanello (Progressista), onde REQUER que submeta a este Plen\u00e1rio o presente&nbsp;PEDIDO DE INFORMA\u00c7\u00c3O visando obter do Poder Executivo, por meio da Secretaria Municipal de Educa\u00e7\u00e3o os seguintes dados: 1-Quantos \u00f4nibus escolares o Poder Executivo possu\u00eda em 01\/01\/2021? 2- Quantos \u00f4nibus escolares tem na frota escolar neste momento? 3- Qual a periocidade da manuten\u00e7\u00e3o destes ve\u00edculos? E, qual o valor gasto na manuten\u00e7\u00e3o destes \u00f4nibus escolares neste mandato?<\/p>\n\n\n\n<p><strong>Ordem do dia:<\/strong><\/p>\n\n\n\n<p><strong># Projeto de Lei n\u00b0 1.553,<\/strong> de 05 de agosto de 2024, de autoria do Poder Executivo onde \u201cAutoriza a abertura de cr\u00e9dito especial no montante de dezesseis mil e setecentos e vinte e oito reais e noventa e cinco centavos para a Transforma\u00e7\u00e3o Digital do SUS.<\/p>\n\n\n\n<p><strong># Projeto de Lei n\u00b0 1.554,<\/strong> de 05 de agosto de 2024, de autoria do Poder Executivo onde \u201cAutoriza a abertura de cr\u00e9dito especial no montante de cinco mil reais para o Fundo Municipal do Idoso\u201d.<strong><\/strong><\/p>\n\n\n\n<p><strong># Pedido de Informa\u00e7\u00e3o n\u00b0 02<\/strong>, de 19 de agosto de 2024, de autoria do vereador Deocl\u00e9cio Ravanello (Progressista), onde REQUER que submeta a este Plen\u00e1rio o presente&nbsp;PEDIDO DE INFORMA\u00c7\u00c3O visando obter do Poder Executivo, por meio da Secretaria Municipal de Educa\u00e7\u00e3o os seguintes dados: 1-Quantos \u00f4nibus escolares o Poder Executivo possu\u00eda em 01\/01\/2021? 2- Quantos \u00f4nibus escolares tem na frota escolar neste momento? 3- Qual a periocidade da manuten\u00e7\u00e3o destes ve\u00edculos? E, qual o valor gasto na manuten\u00e7\u00e3o destes \u00f4nibus escolares neste mandato?<\/p>\n\n\n\n<p>Sala da Presid\u00eancia, em 19 de agosto de 2024.<\/p>\n\n\n\n<p>Deocl\u00e9cio Ravanello<\/p>\n\n\n\n<p>Presidente<\/p>\n","protected":false},"excerpt":{"rendered":"<p>PAUTA DA 17\u00b0 SESS\u00c3O ORDIN\u00c1RIA DA C\u00c2MARA MUNICIPAL DE VEREADORES DE ESTRELA VELHA Data: 19 de agosto de 2024 Hor\u00e1rio: 18 horas Local: Sala de Sess\u00f5es Erno Billig Pauta: # Pedido de Informa\u00e7\u00e3o n\u00b0 02, de 19 de agosto de 2024, de autoria do vereador Deocl\u00e9cio Ravanello (Progressista), onde REQUER que submeta a este Plen\u00e1rio [&hellip;]<\/p>\n","protected":false},"author":5,"featured_media":0,"comment_status":"open","ping_status":"open","sticky":false,"template":"","format":"standard","meta":{"episode_type":"","audio_file":"","duration":"","filesize":"","date_recorded":"","explicit":"","block":"","filesize_raw":""},"categories":[7],"tags":[],"_links":{"self":[{"href":"https:\/\/www.camaraestrelavelha.rs.gov.br\/portal\/wp-json\/wp\/v2\/posts\/8640"}],"collection":[{"href":"https:\/\/www.camaraestrelavelha.rs.gov.br\/portal\/wp-json\/wp\/v2\/posts"}],"about":[{"href":"https:\/\/www.camaraestrelavelha.rs.gov.br\/portal\/wp-json\/wp\/v2\/types\/post"}],"author":[{"embeddable":true,"href":"https:\/\/www.camaraestrelavelha.rs.gov.br\/portal\/wp-json\/wp\/v2\/users\/5"}],"replies":[{"embeddable":true,"href":"https:\/\/www.camaraestrelavelha.rs.gov.br\/portal\/wp-json\/wp\/v2\/comments?post=8640"}],"version-history":[{"count":1,"href":"https:\/\/www.camaraestrelavelha.rs.gov.br\/portal\/wp-json\/wp\/v2\/posts\/8640\/revisions"}],"predecessor-version":[{"id":8642,"href":"https:\/\/www.camaraestrelavelha.rs.gov.br\/portal\/wp-json\/wp\/v2\/posts\/8640\/revisions\/8642"}],"wp:attachment":[{"href":"https:\/\/www.camaraestrelavelha.rs.gov.br\/portal\/wp-json\/wp\/v2\/media?parent=8640"}],"wp:term":[{"taxonomy":"category","embeddable":true,"href":"https:\/\/www.camaraestrelavelha.rs.gov.br\/portal\/wp-json\/wp\/v2\/categories?post=8640"},{"taxonomy":"post_tag","embeddable":true,"href":"https:\/\/www.camaraestrelavelha.rs.gov.br\/portal\/wp-json\/wp\/v2\/tags?post=8640"}],"curies":[{"name":"wp","href":"https:\/\/api.w.org\/{rel}","templated":true}]}}