{"id":9638,"date":"2025-02-05T10:42:14","date_gmt":"2025-02-05T13:42:14","guid":{"rendered":"https:\/\/www.camaraestrelavelha.rs.gov.br\/portal\/?p=9638"},"modified":"2025-02-05T11:06:54","modified_gmt":"2025-02-05T14:06:54","slug":"1a-sessao-solene-de-instalacao-da-8a-legislatura-2025-2028","status":"publish","type":"post","link":"https:\/\/www.camaraestrelavelha.rs.gov.br\/portal\/2025\/02\/05\/1a-sessao-solene-de-instalacao-da-8a-legislatura-2025-2028\/","title":{"rendered":"1\u00aa Sess\u00e3o Solene de Instala\u00e7\u00e3o da 8\u00aa Legislatura (2025- 2028)"},"content":{"rendered":"\n<p><\/p>\n\n\n<p>No dia 1\u00ba de janeiro de 2025, na Sala de Sess\u00f5es Erno Billig, aconteceu a Solenidade de Instala\u00e7\u00e3o da 8\u00aa Legislatura (2025-2028) do Munic\u00edpio de Estrela Velha. O evento foi marcado pela posse do Prefeito Alexander Castilhos e Vice-Prefeito Gilmar Steffanello, a posse dos vereadores eleitos e das lideran\u00e7as pol\u00edticas, marcando o in\u00edcio dos trabalhos legislativos com a elei\u00e7\u00e3o da nova Mesa Diretora.<\/p>\n<p>Mesa Diretora<br>Presidente: Neusa Maria Ravanello Billig (MDB)<br>Vice-presidente: Carlos Jos\u00e9 Somavilla (MDB)<br>Secret\u00e1rio: Leston Manske (MDB)<br>2\u00ba Secret\u00e1rio: Ezequiel Somavilla (MDB)<\/p>\n<p>Vereadores Empossados:<br>Vereadora Neusa Maria Ravanello Billig (MDB)<br>Vereador Carlos Jos\u00e9 Somavilla (MDB)<br>Vereador Eraldo Preuss (Progressista)<br>Vereador Ezequiel Somavilla (MDB)<br>Vereador Jackson Rafael Ravanello (MDB)<br>Vereador Jos\u00e9 Aldair da Silva (MDB)<br>Vereador Leston Manske (MDB)<br>Vereador Valdir Freese (Progressista)<br>Vereadora Vanusa da Silva Ceolin (Progressista)<\/p>\n<p>Lideran\u00e7as de Bancada:<br>MDB: Vereador Jackson Rafael Ravanello<br>Progressistas: Vereador Valdir Freese<\/p>\n<p>Com transpar\u00eancia e compromisso, a C\u00e2mara Municipal inicia mais um ciclo de trabalho em prol da comunidade de Estrela Velha.<\/p>\n<p><\/p>\n<p><img loading=\"lazy\" class=\"alignnone size-medium wp-image-9631\" src=\"https:\/\/www.camaraestrelavelha.rs.gov.br\/portal\/wp-content\/uploads\/2025\/02\/WhatsApp-Image-2025-02-05-at-08.03.00-300x300.jpeg\" alt=\"\" width=\"300\" height=\"300\" srcset=\"https:\/\/www.camaraestrelavelha.rs.gov.br\/portal\/wp-content\/uploads\/2025\/02\/WhatsApp-Image-2025-02-05-at-08.03.00-300x300.jpeg 300w, https:\/\/www.camaraestrelavelha.rs.gov.br\/portal\/wp-content\/uploads\/2025\/02\/WhatsApp-Image-2025-02-05-at-08.03.00-1024x1024.jpeg 1024w, https:\/\/www.camaraestrelavelha.rs.gov.br\/portal\/wp-content\/uploads\/2025\/02\/WhatsApp-Image-2025-02-05-at-08.03.00-150x150.jpeg 150w, https:\/\/www.camaraestrelavelha.rs.gov.br\/portal\/wp-content\/uploads\/2025\/02\/WhatsApp-Image-2025-02-05-at-08.03.00-768x768.jpeg 768w, https:\/\/www.camaraestrelavelha.rs.gov.br\/portal\/wp-content\/uploads\/2025\/02\/WhatsApp-Image-2025-02-05-at-08.03.00.jpeg 1080w\" sizes=\"(max-width: 300px) 100vw, 300px\" \/><\/p>","protected":false},"excerpt":{"rendered":"<p>No dia 1\u00ba de janeiro de 2025, na Sala de Sess\u00f5es Erno Billig, aconteceu a Solenidade de Instala\u00e7\u00e3o da 8\u00aa Legislatura (2025-2028) do Munic\u00edpio de Estrela Velha. O evento foi marcado pela posse do Prefeito Alexander Castilhos e Vice-Prefeito Gilmar Steffanello, a posse dos vereadores eleitos e das lideran\u00e7as pol\u00edticas, marcando o in\u00edcio dos trabalhos [&hellip;]<\/p>\n","protected":false},"author":5,"featured_media":9631,"comment_status":"open","ping_status":"open","sticky":false,"template":"","format":"standard","meta":{"episode_type":"","audio_file":"","duration":"","filesize":"","date_recorded":"","explicit":"","block":"","filesize_raw":""},"categories":[5],"tags":[],"_links":{"self":[{"href":"https:\/\/www.camaraestrelavelha.rs.gov.br\/portal\/wp-json\/wp\/v2\/posts\/9638"}],"collection":[{"href":"https:\/\/www.camaraestrelavelha.rs.gov.br\/portal\/wp-json\/wp\/v2\/posts"}],"about":[{"href":"https:\/\/www.camaraestrelavelha.rs.gov.br\/portal\/wp-json\/wp\/v2\/types\/post"}],"author":[{"embeddable":true,"href":"https:\/\/www.camaraestrelavelha.rs.gov.br\/portal\/wp-json\/wp\/v2\/users\/5"}],"replies":[{"embeddable":true,"href":"https:\/\/www.camaraestrelavelha.rs.gov.br\/portal\/wp-json\/wp\/v2\/comments?post=9638"}],"version-history":[{"count":3,"href":"https:\/\/www.camaraestrelavelha.rs.gov.br\/portal\/wp-json\/wp\/v2\/posts\/9638\/revisions"}],"predecessor-version":[{"id":9648,"href":"https:\/\/www.camaraestrelavelha.rs.gov.br\/portal\/wp-json\/wp\/v2\/posts\/9638\/revisions\/9648"}],"wp:featuredmedia":[{"embeddable":true,"href":"https:\/\/www.camaraestrelavelha.rs.gov.br\/portal\/wp-json\/wp\/v2\/media\/9631"}],"wp:attachment":[{"href":"https:\/\/www.camaraestrelavelha.rs.gov.br\/portal\/wp-json\/wp\/v2\/media?parent=9638"}],"wp:term":[{"taxonomy":"category","embeddable":true,"href":"https:\/\/www.camaraestrelavelha.rs.gov.br\/portal\/wp-json\/wp\/v2\/categories?post=9638"},{"taxonomy":"post_tag","embeddable":true,"href":"https:\/\/www.camaraestrelavelha.rs.gov.br\/portal\/wp-json\/wp\/v2\/tags?post=9638"}],"curies":[{"name":"wp","href":"https:\/\/api.w.org\/{rel}","templated":true}]}}