{"id":9727,"date":"2025-02-18T11:13:04","date_gmt":"2025-02-18T14:13:04","guid":{"rendered":"https:\/\/www.camaraestrelavelha.rs.gov.br\/portal\/?p=9727"},"modified":"2025-02-19T10:40:58","modified_gmt":"2025-02-19T13:40:58","slug":"camara-de-vereadores-de-estrela-velha-presente-na-mobilizacao-de-enfrentamento-a-estiagem-em-arroio-do-tigre","status":"publish","type":"post","link":"https:\/\/www.camaraestrelavelha.rs.gov.br\/portal\/2025\/02\/18\/camara-de-vereadores-de-estrela-velha-presente-na-mobilizacao-de-enfrentamento-a-estiagem-em-arroio-do-tigre\/","title":{"rendered":"C\u00e2mara de  Vereadores presente na mobiliza\u00e7\u00e3o de enfrentamento a estiagem  em  Arroio do Tigre."},"content":{"rendered":"<p>Unimos for\u00e7as com Agricultores, Sindicatos Rurais e FETAG, para cobrar medidas urgentes contra a seca no Rio Grande do Sul. A C\u00e2mara de Vereadores de\u00a0Estrela Velha esteve presente, representada pela presidenta Neusa Maria Ravanello Billig, os vereadores Carlos Jos\u00e9 Somavilla e Eraldo Preuss.<\/p>\n<p>Tamb\u00e9m participaram o Prefeito Alexander Castilhos, o Secret\u00e1rio de Obras Egon Manske, Adelar Maciel Corr\u00eaa e o Presidente do Sindicato dos Trabalhadores Rurais de Estrela Velha, Ernani Luiz Franceschi da Silva.<\/p>\n<p style=\"text-align: left;\">O Legislativo destaca a import\u00e2ncia de apoiar a agricultura familiar e refor\u00e7a o compromisso na busca por solu\u00e7\u00f5es para enfrentar este cen\u00e1rio desafiador. \u201cNo ch\u00e3o que pisamos, a luta \u00e9 sagrada, a voz da esperan\u00e7a nunca ser\u00e1 calada. Juntos, somos mais fortes!\u201d.<\/p>\n","protected":false},"excerpt":{"rendered":"<p>Unimos for\u00e7as com Agricultores, Sindicatos Rurais e FETAG, para cobrar medidas urgentes contra a seca no Rio Grande do Sul. A C\u00e2mara de Vereadores de\u00a0Estrela Velha esteve presente, representada pela presidenta Neusa Maria Ravanello Billig, os vereadores Carlos Jos\u00e9 Somavilla e Eraldo Preuss. Tamb\u00e9m participaram o Prefeito Alexander Castilhos, o Secret\u00e1rio de Obras Egon Manske, [&hellip;]<\/p>\n","protected":false},"author":5,"featured_media":9719,"comment_status":"open","ping_status":"open","sticky":false,"template":"","format":"standard","meta":{"episode_type":"","audio_file":"","duration":"","filesize":"","date_recorded":"","explicit":"","block":"","filesize_raw":""},"categories":[5],"tags":[],"_links":{"self":[{"href":"https:\/\/www.camaraestrelavelha.rs.gov.br\/portal\/wp-json\/wp\/v2\/posts\/9727"}],"collection":[{"href":"https:\/\/www.camaraestrelavelha.rs.gov.br\/portal\/wp-json\/wp\/v2\/posts"}],"about":[{"href":"https:\/\/www.camaraestrelavelha.rs.gov.br\/portal\/wp-json\/wp\/v2\/types\/post"}],"author":[{"embeddable":true,"href":"https:\/\/www.camaraestrelavelha.rs.gov.br\/portal\/wp-json\/wp\/v2\/users\/5"}],"replies":[{"embeddable":true,"href":"https:\/\/www.camaraestrelavelha.rs.gov.br\/portal\/wp-json\/wp\/v2\/comments?post=9727"}],"version-history":[{"count":8,"href":"https:\/\/www.camaraestrelavelha.rs.gov.br\/portal\/wp-json\/wp\/v2\/posts\/9727\/revisions"}],"predecessor-version":[{"id":9750,"href":"https:\/\/www.camaraestrelavelha.rs.gov.br\/portal\/wp-json\/wp\/v2\/posts\/9727\/revisions\/9750"}],"wp:featuredmedia":[{"embeddable":true,"href":"https:\/\/www.camaraestrelavelha.rs.gov.br\/portal\/wp-json\/wp\/v2\/media\/9719"}],"wp:attachment":[{"href":"https:\/\/www.camaraestrelavelha.rs.gov.br\/portal\/wp-json\/wp\/v2\/media?parent=9727"}],"wp:term":[{"taxonomy":"category","embeddable":true,"href":"https:\/\/www.camaraestrelavelha.rs.gov.br\/portal\/wp-json\/wp\/v2\/categories?post=9727"},{"taxonomy":"post_tag","embeddable":true,"href":"https:\/\/www.camaraestrelavelha.rs.gov.br\/portal\/wp-json\/wp\/v2\/tags?post=9727"}],"curies":[{"name":"wp","href":"https:\/\/api.w.org\/{rel}","templated":true}]}}