{"id":9883,"date":"2025-03-11T14:28:02","date_gmt":"2025-03-11T17:28:02","guid":{"rendered":"https:\/\/www.camaraestrelavelha.rs.gov.br\/portal\/?p=9883"},"modified":"2025-03-11T14:28:04","modified_gmt":"2025-03-11T17:28:04","slug":"camara-de-vereadores-participa-da-entrega-de-kits-da-celetro","status":"publish","type":"post","link":"https:\/\/www.camaraestrelavelha.rs.gov.br\/portal\/2025\/03\/11\/camara-de-vereadores-participa-da-entrega-de-kits-da-celetro\/","title":{"rendered":"C\u00e2mara de vereadores participa da entrega de Kits da Celetro."},"content":{"rendered":"<p>A C\u00e2mara Municipal de Vereadores de Estrela Velha, representada pela presidenta Neusa Ravanello Billig, participou da entrega de kits escolares nas escolas municipais, uma iniciativa que fortalece o aprendizado e o futuro das nossas crian\u00e7as.<\/p>\n<p>Os kits, doados pela Celetro, foram entregues com a presen\u00e7a do conselheiro Reges Ant\u00f4nio Scapin, Pio Ravanello representando o presidente da Celetro, al\u00e9m do Prefeito Municipal Alexander Castilhos e da Secretaria da Educa\u00e7\u00e3o Christiane Ravanello Castilhos.<\/p>\n<p>Juntos, seguimos investindo na educa\u00e7\u00e3o e no desenvolvimento do nosso munic\u00edpio!<\/p>\n","protected":false},"excerpt":{"rendered":"<p>A C\u00e2mara Municipal de Vereadores de Estrela Velha, representada pela presidenta Neusa Ravanello Billig, participou da entrega de kits escolares nas escolas municipais, uma iniciativa que fortalece o aprendizado e o futuro das nossas crian\u00e7as. Os kits, doados pela Celetro, foram entregues com a presen\u00e7a do conselheiro Reges Ant\u00f4nio Scapin, Pio Ravanello representando o presidente [&hellip;]<\/p>\n","protected":false},"author":6,"featured_media":9884,"comment_status":"open","ping_status":"open","sticky":false,"template":"","format":"standard","meta":{"episode_type":"","audio_file":"","duration":"","filesize":"","date_recorded":"","explicit":"","block":"","filesize_raw":""},"categories":[5],"tags":[],"_links":{"self":[{"href":"https:\/\/www.camaraestrelavelha.rs.gov.br\/portal\/wp-json\/wp\/v2\/posts\/9883"}],"collection":[{"href":"https:\/\/www.camaraestrelavelha.rs.gov.br\/portal\/wp-json\/wp\/v2\/posts"}],"about":[{"href":"https:\/\/www.camaraestrelavelha.rs.gov.br\/portal\/wp-json\/wp\/v2\/types\/post"}],"author":[{"embeddable":true,"href":"https:\/\/www.camaraestrelavelha.rs.gov.br\/portal\/wp-json\/wp\/v2\/users\/6"}],"replies":[{"embeddable":true,"href":"https:\/\/www.camaraestrelavelha.rs.gov.br\/portal\/wp-json\/wp\/v2\/comments?post=9883"}],"version-history":[{"count":1,"href":"https:\/\/www.camaraestrelavelha.rs.gov.br\/portal\/wp-json\/wp\/v2\/posts\/9883\/revisions"}],"predecessor-version":[{"id":9885,"href":"https:\/\/www.camaraestrelavelha.rs.gov.br\/portal\/wp-json\/wp\/v2\/posts\/9883\/revisions\/9885"}],"wp:featuredmedia":[{"embeddable":true,"href":"https:\/\/www.camaraestrelavelha.rs.gov.br\/portal\/wp-json\/wp\/v2\/media\/9884"}],"wp:attachment":[{"href":"https:\/\/www.camaraestrelavelha.rs.gov.br\/portal\/wp-json\/wp\/v2\/media?parent=9883"}],"wp:term":[{"taxonomy":"category","embeddable":true,"href":"https:\/\/www.camaraestrelavelha.rs.gov.br\/portal\/wp-json\/wp\/v2\/categories?post=9883"},{"taxonomy":"post_tag","embeddable":true,"href":"https:\/\/www.camaraestrelavelha.rs.gov.br\/portal\/wp-json\/wp\/v2\/tags?post=9883"}],"curies":[{"name":"wp","href":"https:\/\/api.w.org\/{rel}","templated":true}]}}